{"id":2451,"date":"2026-06-07T13:22:33","date_gmt":"2026-06-07T13:22:33","guid":{"rendered":"https:\/\/mindennapi-fozes.fkinw.com\/staging\/?p=2451"},"modified":"2026-06-07T13:22:33","modified_gmt":"2026-06-07T13:22:33","slug":"isteni-makos-palacsinta-vaniliaszosszal","status":"publish","type":"post","link":"https:\/\/mindennapi-fozes.fkinw.com\/staging\/isteni-makos-palacsinta-vaniliaszosszal\/","title":{"rendered":"Isteni m\u00e1kos palacsinta van\u00edliasz\u00f3sszal."},"content":{"rendered":"<p>Hozz\u00e1val\u00f3k:<\/p>\n<p>Palacsint\u00e1hoz:<\/p>\n<p>200 g b\u00fazaliszt<br \/>\n100 g m\u00e1k<br \/>\n1 csomag van\u00edli\u00e1s cukor<br \/>\n300 ml tej<br \/>\n200 ml \u00e1sv\u00e1nyv\u00edz (sz\u00e9nsavas)<br \/>\negy csipet s\u00f3<br \/>\n50 ml olaj<br \/>\n2 toj\u00e1s<br \/>\nVan\u00edliasz\u00f3szhoz:<\/p>\n<p>Liszt<br \/>\n500 ml tej<br \/>\n2 toj\u00e1ss\u00e1rg\u00e1ja<br \/>\n1 ev\u0151kan\u00e1l b\u00fazaliszt<br \/>\n140 g vaj<br \/>\n80 g cukor<br \/>\n2 csomag van\u00edli\u00e1s cukor<br \/>\nElk\u00e9sz\u00edt\u00e9s:<\/p>\n<p>A t\u00f6bbi a k\u00f6vetkez\u0151 oldalon tal\u00e1lhat\u00f3<!--nextpage--><\/p>\n<p>Palacsinta.<\/p>\n<p>Egy t\u00e1lban \u00f6sszekeverj\u00fck a lisztet, a m\u00e1kot, a van\u00edli\u00e1s cukrot \u00e9s a csipet s\u00f3t. Adjuk hozz\u00e1 a toj\u00e1st, a tejet, az \u00e1sv\u00e1nyvizet \u00e9s az olajat. Verj\u00fck sim\u00e1ra.<\/p>\n<p>A k\u00e9sz t\u00e9szt\u00e1t letakarva h\u0171t\u0151ben pihentetj\u00fck kb. 1 \u00f3ra.<\/p>\n<p>Cukor<br \/>\nEzut\u00e1n a palacsint\u00e1kat a klasszikus m\u00f3don serpeny\u0151ben s\u00fctj\u00fck.<\/p>\n<p>Van\u00edlia sz\u00f3sz.<\/p>\n<p>A toj\u00e1ss\u00e1rg\u00e1kat a cukorral, a van\u00edli\u00e1s cukorral, a liszttel \u00e9s a kev\u00e9s tejjel sim\u00e1ra keverj\u00fck.<\/p>\n<p>A marad\u00e9k tejet felforraljuk, majd folyamatos kever\u00e9s mellett bele\u00f6ntj\u00fck a toj\u00e1sos kever\u00e9ket. Lass\u00fa t\u0171z\u00f6n f\u0151zz\u00fck, am\u00edg a kever\u00e9k bes\u0171r\u0171s\u00f6dik.<\/p>\n<p>Tegy\u00fck f\u00e9lre, keverj\u00fck hozz\u00e1 a vajat \u00e9s hagyjuk kih\u0171lni.<\/p>\n<p>Befejez\u00e9s:<\/p>\n<p>A kih\u0171lt van\u00edliasz\u00f3sszal megt\u00f6ltj\u00fck a palacsint\u00e1kat.<br \/>\nTetsz\u00e9s szerint tekerj\u00fck vagy hajtsuk \u00f6ssze.<br \/>\nPorcukorral megsz\u00f3rva, vagy a marad\u00e9k sz\u00f3sszal fel\u00f6ntve t\u00e1laljuk.<br \/>\n\u00dcdv\u00f6z\u00f6lj\u00fck!<\/p>\n<p>A t\u00f6bbi megtal\u00e1lhat\u00f3 a k\u00f6vetkez\u0151 oldalon.<\/p>\n","protected":false},"excerpt":{"rendered":"<p>Hozz\u00e1val\u00f3k: Palacsint\u00e1hoz: 200 g b\u00fazaliszt 100 g m\u00e1k 1 csomag van\u00edli\u00e1s cukor 300 ml tej 200 ml \u00e1sv\u00e1nyv\u00edz (sz\u00e9nsavas) egy&hellip;<\/p>\n","protected":false},"author":1,"featured_media":2452,"comment_status":"closed","ping_status":"closed","sticky":false,"template":"","format":"standard","meta":{"footnotes":""},"categories":[1],"tags":[],"class_list":["post-2451","post","type-post","status-publish","format-standard","has-post-thumbnail","hentry","category-uncategorized"],"_links":{"self":[{"href":"https:\/\/mindennapi-fozes.fkinw.com\/staging\/wp-json\/wp\/v2\/posts\/2451","targetHints":{"allow":["GET"]}}],"collection":[{"href":"https:\/\/mindennapi-fozes.fkinw.com\/staging\/wp-json\/wp\/v2\/posts"}],"about":[{"href":"https:\/\/mindennapi-fozes.fkinw.com\/staging\/wp-json\/wp\/v2\/types\/post"}],"author":[{"embeddable":true,"href":"https:\/\/mindennapi-fozes.fkinw.com\/staging\/wp-json\/wp\/v2\/users\/1"}],"replies":[{"embeddable":true,"href":"https:\/\/mindennapi-fozes.fkinw.com\/staging\/wp-json\/wp\/v2\/comments?post=2451"}],"version-history":[{"count":1,"href":"https:\/\/mindennapi-fozes.fkinw.com\/staging\/wp-json\/wp\/v2\/posts\/2451\/revisions"}],"predecessor-version":[{"id":2453,"href":"https:\/\/mindennapi-fozes.fkinw.com\/staging\/wp-json\/wp\/v2\/posts\/2451\/revisions\/2453"}],"wp:featuredmedia":[{"embeddable":true,"href":"https:\/\/mindennapi-fozes.fkinw.com\/staging\/wp-json\/wp\/v2\/media\/2452"}],"wp:attachment":[{"href":"https:\/\/mindennapi-fozes.fkinw.com\/staging\/wp-json\/wp\/v2\/media?parent=2451"}],"wp:term":[{"taxonomy":"category","embeddable":true,"href":"https:\/\/mindennapi-fozes.fkinw.com\/staging\/wp-json\/wp\/v2\/categories?post=2451"},{"taxonomy":"post_tag","embeddable":true,"href":"https:\/\/mindennapi-fozes.fkinw.com\/staging\/wp-json\/wp\/v2\/tags?post=2451"}],"curies":[{"name":"wp","href":"https:\/\/api.w.org\/{rel}","templated":true}]}}